{"id":1009,"global_id":"fabricadesanpedro.com\/en\/?id=1009","global_id_lineage":["fabricadesanpedro.com\/en\/?id=1009"],"author":"1","status":"publish","date":"2022-10-06 17:49:07","date_utc":"2022-10-06 17:49:07","modified":"2022-10-06 17:52:10","modified_utc":"2022-10-06 17:52:10","url":"https:\/\/fabricadesanpedro.com\/en\/eventos\/ensamble-artesano-y-la-colmena-casa-spina\/","rest_url":"https:\/\/fabricadesanpedro.com\/en\/wp-json\/tribe\/events\/v1\/events\/1009","title":"Ensamble Artesano y La Colmena, Casa Spina","description":"<p>En el marco del 20\u00ba Festival Internacional de Cine de Morelia<\/p>\n<div class=\"content\">\n<div class=\"tribe-events-single-event-description tribe-events-content\">\n<div class=\"x11i5rnm xat24cr x1mh8g0r x1vvkbs xtlvy1s x126k92a\">\n<div dir=\"auto\">Fundaci\u00f3n Coppel y Fundaci\u00f3n Javier Mar\u00edn presentan:<\/div>\n<h3 dir=\"auto\">Ensamble Artesano y La Colmena<\/h3>\n<p dir=\"auto\">Proyectos de dise\u00f1o con causa<\/p>\n<\/div>\n<div class=\"x11i5rnm xat24cr x1mh8g0r x1vvkbs xtlvy1s x126k92a\">\n<div dir=\"auto\"><\/div>\n<div dir=\"auto\"><\/div>\n<div dir=\"auto\">October 21 to 30<\/div>\n<div dir=\"auto\">11h &#8211;\u00a0 19h<\/div>\n<\/div>\n<div class=\"x11i5rnm xat24cr x1mh8g0r x1vvkbs xtlvy1s x126k92a\">\n<div dir=\"auto\"><\/div>\n<div dir=\"auto\"><\/div>\n<div dir=\"auto\">Casa Spina<\/div>\n<div dir=\"auto\">Jard\u00edn de las Rosas<\/div>\n<div dir=\"auto\">Calle El Nigromante #146, Centro Hist\u00f3rico, Morelia, Mich.<\/div>\n<\/div>\n<\/div>\n<\/div>\n<p>&nbsp;<\/p>\n<div class=\"content\">\n<p>&nbsp;<\/p>\n<p>&nbsp;<\/p>\n<\/div>","excerpt":"","slug":"ensamble-artesano-y-la-colmena-casa-spina","image":{"url":"https:\/\/fabricadesanpedro.com\/wp-content\/uploads\/2022\/10\/FLYER_CASASPINA-cuadrado-02.png","id":997,"extension":"png","width":3111,"height":3111,"filesize":294929,"sizes":{"medium":{"width":300,"height":300,"mime-type":"image\/png","filesize":46724,"url":"https:\/\/fabricadesanpedro.com\/wp-content\/uploads\/2022\/10\/FLYER_CASASPINA-cuadrado-02-300x300.png"},"large":{"width":1024,"height":1024,"mime-type":"image\/png","filesize":233011,"url":"https:\/\/fabricadesanpedro.com\/wp-content\/uploads\/2022\/10\/FLYER_CASASPINA-cuadrado-02-1024x1024.png"},"thumbnail":{"width":150,"height":150,"mime-type":"image\/png","filesize":16889,"url":"https:\/\/fabricadesanpedro.com\/wp-content\/uploads\/2022\/10\/FLYER_CASASPINA-cuadrado-02-150x150.png"},"medium_large":{"width":768,"height":768,"mime-type":"image\/png","filesize":163769,"url":"https:\/\/fabricadesanpedro.com\/wp-content\/uploads\/2022\/10\/FLYER_CASASPINA-cuadrado-02-768x768.png"},"1536x1536":{"width":1536,"height":1536,"mime-type":"image\/png","filesize":378241,"url":"https:\/\/fabricadesanpedro.com\/wp-content\/uploads\/2022\/10\/FLYER_CASASPINA-cuadrado-02-1536x1536.png"},"2048x2048":{"width":2048,"height":2048,"mime-type":"image\/png","filesize":519411,"url":"https:\/\/fabricadesanpedro.com\/wp-content\/uploads\/2022\/10\/FLYER_CASASPINA-cuadrado-02-2048x2048.png"},"post-thumbnail":{"width":1200,"height":1200,"mime-type":"image\/png","filesize":287633,"url":"https:\/\/fabricadesanpedro.com\/wp-content\/uploads\/2022\/10\/FLYER_CASASPINA-cuadrado-02-1200x1200.png"},"twentytwenty-fullscreen":{"width":1980,"height":1980,"mime-type":"image\/png","filesize":502636,"url":"https:\/\/fabricadesanpedro.com\/wp-content\/uploads\/2022\/10\/FLYER_CASASPINA-cuadrado-02-1980x1980.png"}}},"all_day":false,"start_date":"2022-10-21 11:00:00","start_date_details":{"year":"2022","month":"10","day":"21","hour":"11","minutes":"00","seconds":"00"},"end_date":"2022-10-30 19:00:00","end_date_details":{"year":"2022","month":"10","day":"30","hour":"19","minutes":"00","seconds":"00"},"utc_start_date":"2022-10-21 11:00:00","utc_start_date_details":{"year":"2022","month":"10","day":"21","hour":"11","minutes":"00","seconds":"00"},"utc_end_date":"2022-10-30 19:00:00","utc_end_date_details":{"year":"2022","month":"10","day":"30","hour":"19","minutes":"00","seconds":"00"},"timezone":"UTC+0","timezone_abbr":"UTC+0","cost":"","cost_details":{"currency_symbol":"","currency_code":"","currency_position":"prefix","values":[]},"website":"","show_map":false,"show_map_link":false,"hide_from_listings":false,"sticky":false,"featured":false,"categories":[{"name":"Events","slug":"events-en","term_group":0,"term_taxonomy_id":25,"taxonomy":"tribe_events_cat","description":"","parent":0,"count":7,"filter":"raw","id":25,"urls":{"self":"https:\/\/fabricadesanpedro.com\/en\/wp-json\/tribe\/events\/v1\/categories\/25","collection":"https:\/\/fabricadesanpedro.com\/en\/wp-json\/tribe\/events\/v1\/categories"}}],"tags":[],"venue":{"id":1000,"author":"1","status":"publish","date":"2022-10-06 15:49:19","date_utc":"2022-10-06 15:49:19","modified":"2022-10-06 15:49:19","modified_utc":"2022-10-06 15:49:19","url":"https:\/\/fabricadesanpedro.com\/venue\/casa-spina\/","venue":"casa spina","slug":"casa-spina","address":"Calle El Nigromante #146, Centro Hist\u00f3rico","city":"Morelia","country":"M\u00e9xico","province":"Morelia","zip":"58000","stateprovince":"Morelia","json_ld":{"@type":"Place","name":"casa spina","description":"","url":"https:\/\/fabricadesanpedro.com\/venue\/casa-spina\/","address":{"@type":"PostalAddress","streetAddress":"Calle El Nigromante #146, Centro Hist\u00f3rico","addressLocality":"Morelia","addressRegion":"Morelia","postalCode":"58000","addressCountry":"M\u00e9xico"},"telephone":"","sameAs":""},"show_map":true,"show_map_link":true,"global_id":"fabricadesanpedro.com\/en\/?id=1000","global_id_lineage":["fabricadesanpedro.com\/en\/?id=1000"]},"organizer":[{"id":601,"author":"1","status":"publish","date":"2022-04-21 16:01:13","date_utc":"2022-04-21 16:01:13","modified":"2022-04-21 16:01:13","modified_utc":"2022-04-21 16:01:13","url":"https:\/\/fabricadesanpedro.com\/organizer\/centro-cultural-fabrica-de-san-pedro\/","organizer":"Centro Cultural F\u00e1brica de San Pedro","slug":"centro-cultural-fabrica-de-san-pedro","phone":"951 237 1879","website":"https:\/\/fabricadesanpedro.com","email":"formacion@fundacionjaviermarin.mx","json_ld":{"@type":"Person","name":"Centro Cultural F\u00e1brica de San Pedro","description":"","url":"https:\/\/fabricadesanpedro.com","telephone":"951 237 1879","email":"&#102;&#111;r&#109;&#97;c&#105;on&#64;&#102;&#117;nda&#99;&#105;&#111;n&#106;a&#118;ie&#114;mar&#105;&#110;&#46;&#109;&#120;","sameAs":"https:\/\/fabricadesanpedro.com"},"global_id":"fabricadesanpedro.com\/en\/?id=601","global_id_lineage":["fabricadesanpedro.com\/en\/?id=601"]},{"id":1001,"author":"1","status":"draft","date":"2022-10-06 15:48:51","date_utc":"0000-00-00 00:00:00","modified":"2022-10-06 15:48:51","modified_utc":"0000-00-00 00:00:00","url":"https:\/\/fabricadesanpedro.com\/?post_type=tribe_organizer&p=1001","organizer":"Fundaci\u00f3n Coppel","slug":"fundacion-coppel","json_ld":{"@type":"Person","name":"Fundaci\u00f3n Coppel","description":"","url":"","telephone":"","email":"","sameAs":""},"global_id":"fabricadesanpedro.com\/en\/?id=1001","global_id_lineage":["fabricadesanpedro.com\/en\/?id=1001"]},{"id":709,"author":"1","status":"publish","date":"2022-08-17 18:11:51","date_utc":"2022-08-17 18:11:51","modified":"2022-08-17 18:11:51","modified_utc":"2022-08-17 18:11:51","url":"https:\/\/fabricadesanpedro.com\/organizer\/fundacion-javier-marin\/","organizer":"Fundacion Javier Marin","slug":"fundacion-javier-marin","json_ld":{"@type":"Person","name":"Fundacion Javier Marin","description":"","url":"","telephone":"","email":"","sameAs":""},"global_id":"fabricadesanpedro.com\/en\/?id=709","global_id_lineage":["fabricadesanpedro.com\/en\/?id=709"]}],"json_ld":{"@context":"http:\/\/schema.org","@type":"Event","name":"Ensamble Artesano y La Colmena, Casa Spina","description":"&lt;p&gt;En el marco del 20\u00ba Festival Internacional de Cine de Morelia Fundaci\u00f3n Coppel y Fundaci\u00f3n Javier Mar\u00edn presentan: Ensamble Artesano y La Colmena Proyectos de dise\u00f1o con causa October 21 [&hellip;]&lt;\/p&gt;\\n","image":"https:\/\/fabricadesanpedro.com\/wp-content\/uploads\/2022\/10\/FLYER_CASASPINA-cuadrado-02.png","url":"https:\/\/fabricadesanpedro.com\/en\/eventos\/ensamble-artesano-y-la-colmena-casa-spina\/","eventAttendanceMode":"https:\/\/schema.org\/OfflineEventAttendanceMode","startDate":"2022-10-21T11:00:00+00:00","endDate":"2022-10-30T19:00:00+00:00","location":{"@type":"Place","name":"casa spina","description":"","url":"https:\/\/fabricadesanpedro.com\/venue\/casa-spina\/","address":{"@type":"PostalAddress","streetAddress":"Calle El Nigromante #146, Centro Hist\u00f3rico","addressLocality":"Morelia","addressRegion":"Morelia","postalCode":"58000","addressCountry":"M\u00e9xico"},"telephone":"","sameAs":""},"organizer":{"@type":"Person","name":"Centro Cultural F\u00e1brica de San Pedro","description":"","url":"https:\/\/fabricadesanpedro.com","telephone":"951 237 1879","email":"f&#111;&#114;m&#97;c&#105;&#111;n&#64;&#102;&#117;nd&#97;&#99;i&#111;&#110;j&#97;&#118;&#105;erm&#97;&#114;&#105;n&#46;&#109;x","sameAs":"https:\/\/fabricadesanpedro.com"},"performer":"Organization"}}